{"id":916,"date":"2024-10-15T10:12:39","date_gmt":"2024-10-15T13:12:39","guid":{"rendered":"https:\/\/bancarioscanoinhas.com.br\/?p=916"},"modified":"2024-10-15T10:12:39","modified_gmt":"2024-10-15T13:12:39","slug":"contec-e-banco-do-brasil-assinam-ii-aditivo-ao-act-2024-2026","status":"publish","type":"post","link":"https:\/\/bancarioscanoinhas.com.br\/index.php\/2024\/10\/15\/contec-e-banco-do-brasil-assinam-ii-aditivo-ao-act-2024-2026\/","title":{"rendered":"CONTEC e Banco do Brasil assinam II Aditivo ao ACT 2024-2026"},"content":{"rendered":"\n<figure class=\"wp-block-image size-large\"><img decoding=\"async\" src=\"https:\/\/contec.org.br\/wp-content\/uploads\/2024\/10\/6bf39377-36a2-4e38-b968-3be4a863466b-1170x585.jpg\" alt=\"\"\/><\/figure>\n\n\n\n<p>Nesta sexta-feira, 11 de outubro de 2024, o Banco do Brasil e a Confedera\u00e7\u00e3o Nacional dos Trabalhadores nas Empresas de Cr\u00e9dito (CONTEC) formalizaram a assinatura do II Aditivo ao Acordo Coletivo de Trabalho (ACT) 2024\/2026. O aditivo estende a todos os funcion\u00e1rios do Banco que fizeram greve em agosto e setembro deste ano, o direito de convers\u00e3o das faltas registradas no c\u00f3digo 308 para o c\u00f3digo 425, possibilitando que as citadas aus\u00eancias passem a integrar horas negativas a serem pagas na forma do Banco de Horas de que trata a Cl\u00e1usula 5\u00aa do ACT aditado.<\/p>\n\n\n\n<p>Os funcion\u00e1rios acima citados ter\u00e3o at\u00e9 31 de dezembro de 2024 para compensar essas horas, podendo utilizar abonos e folgas, exceto as folgas eleitorais.<\/p>\n\n\n\n<p>A assinatura do ACT aditivo refor\u00e7a o compromisso da CONTEC e do Banco do Brasil em garantir o di\u00e1logo cont\u00ednuo em prol de melhorias nas condi\u00e7\u00f5es de trabalho.<\/p>\n\n\n\n<p>Para conferir o II Aditivo, acesse o link :&nbsp;<a href=\"https:\/\/acrobat.adobe.com\/id\/urn:aaid:sc:US:6e804a17-10ef-4d78-9267-17aa9b99b6a2\">II Aditivo<\/a><\/p>\n\n\n\n<p>Diretoria Executiva da CONTEC<\/p>\n\n\n\n<p><strong>www.contec.org.br<\/strong><\/p>\n\n\n\n<p><\/p>\n","protected":false},"excerpt":{"rendered":"<p>Nesta sexta-feira, 11 de outubro de 2024, o Banco do Brasil e a Confedera\u00e7\u00e3o Nacional dos Trabalhadores nas Empresas de Cr\u00e9dito (CONTEC) formalizaram a assinatura do II Aditivo ao Acordo Coletivo de Trabalho (ACT) 2024\/2026. O aditivo estende a todos os funcion\u00e1rios do Banco que fizeram greve em agosto e setembro deste ano, o direito&hellip; <br \/> <a class=\"read-more\" href=\"https:\/\/bancarioscanoinhas.com.br\/index.php\/2024\/10\/15\/contec-e-banco-do-brasil-assinam-ii-aditivo-ao-act-2024-2026\/\">Leia mais<\/a><\/p>\n","protected":false},"author":1,"featured_media":917,"comment_status":"open","ping_status":"open","sticky":false,"template":"","format":"standard","meta":{"footnotes":""},"categories":[1],"tags":[],"class_list":["post-916","post","type-post","status-publish","format-standard","has-post-thumbnail","hentry","category-noticias"],"jetpack_featured_media_url":"https:\/\/bancarioscanoinhas.com.br\/wp-content\/uploads\/2024\/10\/6bf39377-36a2-4e38-b968-3be4a863466b-1170x5851-1.jpg","_links":{"self":[{"href":"https:\/\/bancarioscanoinhas.com.br\/index.php\/wp-json\/wp\/v2\/posts\/916","targetHints":{"allow":["GET"]}}],"collection":[{"href":"https:\/\/bancarioscanoinhas.com.br\/index.php\/wp-json\/wp\/v2\/posts"}],"about":[{"href":"https:\/\/bancarioscanoinhas.com.br\/index.php\/wp-json\/wp\/v2\/types\/post"}],"author":[{"embeddable":true,"href":"https:\/\/bancarioscanoinhas.com.br\/index.php\/wp-json\/wp\/v2\/users\/1"}],"replies":[{"embeddable":true,"href":"https:\/\/bancarioscanoinhas.com.br\/index.php\/wp-json\/wp\/v2\/comments?post=916"}],"version-history":[{"count":1,"href":"https:\/\/bancarioscanoinhas.com.br\/index.php\/wp-json\/wp\/v2\/posts\/916\/revisions"}],"predecessor-version":[{"id":918,"href":"https:\/\/bancarioscanoinhas.com.br\/index.php\/wp-json\/wp\/v2\/posts\/916\/revisions\/918"}],"wp:featuredmedia":[{"embeddable":true,"href":"https:\/\/bancarioscanoinhas.com.br\/index.php\/wp-json\/wp\/v2\/media\/917"}],"wp:attachment":[{"href":"https:\/\/bancarioscanoinhas.com.br\/index.php\/wp-json\/wp\/v2\/media?parent=916"}],"wp:term":[{"taxonomy":"category","embeddable":true,"href":"https:\/\/bancarioscanoinhas.com.br\/index.php\/wp-json\/wp\/v2\/categories?post=916"},{"taxonomy":"post_tag","embeddable":true,"href":"https:\/\/bancarioscanoinhas.com.br\/index.php\/wp-json\/wp\/v2\/tags?post=916"}],"curies":[{"name":"wp","href":"https:\/\/api.w.org\/{rel}","templated":true}]}}