{"id":629,"date":"2021-08-28T11:13:00","date_gmt":"2021-08-28T14:13:00","guid":{"rendered":"https:\/\/bancarioscanoinhas.com.br\/?p=629"},"modified":"2021-08-28T11:15:28","modified_gmt":"2021-08-28T14:15:28","slug":"28-de-agosto-dia-do-bancario","status":"publish","type":"post","link":"https:\/\/bancarioscanoinhas.com.br\/index.php\/2021\/08\/28\/28-de-agosto-dia-do-bancario\/","title":{"rendered":"28 de agosto &#8211; Dia do Banc\u00e1rio"},"content":{"rendered":"\t\t<div data-elementor-type=\"wp-post\" data-elementor-id=\"629\" class=\"elementor elementor-629\" data-elementor-settings=\"[]\">\n\t\t\t\t\t\t\t<div class=\"elementor-section-wrap\">\n\t\t\t\t\t\t\t<section class=\"elementor-section elementor-top-section elementor-element elementor-element-5d9af865 elementor-section-boxed elementor-section-height-default elementor-section-height-default\" data-id=\"5d9af865\" data-element_type=\"section\">\n\t\t\t\t\t\t<div class=\"elementor-container elementor-column-gap-default\">\n\t\t\t\t\t<div class=\"elementor-column elementor-col-100 elementor-top-column elementor-element elementor-element-3bcc4429\" data-id=\"3bcc4429\" data-element_type=\"column\">\n\t\t\t<div class=\"elementor-widget-wrap elementor-element-populated\">\n\t\t\t\t\t\t\t\t<div class=\"elementor-element elementor-element-a9d97dd elementor-widget elementor-widget-image\" data-id=\"a9d97dd\" data-element_type=\"widget\" data-widget_type=\"image.default\">\n\t\t\t\t<div class=\"elementor-widget-container\">\n\t\t\t\t\t\t\t\t\t\t\t\t\t\t\t<img loading=\"lazy\" decoding=\"async\" width=\"1024\" height=\"547\" src=\"https:\/\/bancarioscanoinhas.com.br\/wp-content\/uploads\/2021\/08\/dia-do-bancario-1024x547.jpg\" class=\"attachment-large size-large\" alt=\"\" srcset=\"https:\/\/bancarioscanoinhas.com.br\/wp-content\/uploads\/2021\/08\/dia-do-bancario-1024x547.jpg 1024w, https:\/\/bancarioscanoinhas.com.br\/wp-content\/uploads\/2021\/08\/dia-do-bancario-300x160.jpg 300w, https:\/\/bancarioscanoinhas.com.br\/wp-content\/uploads\/2021\/08\/dia-do-bancario-768x410.jpg 768w, https:\/\/bancarioscanoinhas.com.br\/wp-content\/uploads\/2021\/08\/dia-do-bancario-1536x820.jpg 1536w, https:\/\/bancarioscanoinhas.com.br\/wp-content\/uploads\/2021\/08\/dia-do-bancario.jpg 1920w\" sizes=\"auto, (max-width: 1024px) 100vw, 1024px\" \/>\t\t\t\t\t\t\t\t\t\t\t\t\t\t\t<\/div>\n\t\t\t\t<\/div>\n\t\t\t\t<div class=\"elementor-element elementor-element-3539593c elementor-widget elementor-widget-text-editor\" data-id=\"3539593c\" data-element_type=\"widget\" data-widget_type=\"text-editor.default\">\n\t\t\t\t<div class=\"elementor-widget-container\">\n\t\t\t\t\t\t\t\t<!-- wp:paragraph -->\n<p>\u00a0<\/p>\n<p>A data surgiu referente a greve mais longa j\u00e1 organizada pela categoria.<\/p>\n<!-- \/wp:paragraph --><!-- wp:paragraph -->\n<p>Foi no dia 28 de agosto de 1951 que, ap\u00f3s uma assembleia, ficou definido que os profissionais entrariam em greve em virtude a uma proposta de sal\u00e1rio insignificante do governo, apenas 20% de aumento. Os banc\u00e1rios pediam na \u00e9poca 40% e melhores condi\u00e7\u00f5es de trabalho.<\/p>\n<!-- \/wp:paragraph --><!-- wp:paragraph -->\n<p>Naquela \u00e9poca, o Brasil vivia a Quarta Rep\u00fablica e momentos de grande tens\u00e3o social, em virtude da crise econ\u00f4mica. O governo apontava no \u00edndice oficial um aumento no custo de vista de cerca de 15,4%. Por\u00e9m, os banc\u00e1rios acreditavam que \u00edndice era maior, assim, refizeram os c\u00e1lculos e o pr\u00f3prio governo reviu os \u00edndices, que por fim apontaram para 30,7%.<\/p>\n<!-- \/wp:paragraph --><!-- wp:paragraph -->\n<p>Com isso, os banc\u00e1rios decidiram cruzar os bra\u00e7os, pois para eles 20% de aumento era considerado uma \u201cgorjeta\u201d. No entanto, apesar de v\u00e1rios profissionais espalhados por todo o territ\u00f3rio nacional aderirem \u00e0 greve, eles n\u00e3o aguentaram a press\u00e3o e aceitaram a proposta do governo.<\/p>\n<!-- \/wp:paragraph --><!-- wp:paragraph -->\n<p>Apenas em S\u00e3o Paulo que a classe banc\u00e1ria continuava resistindo \u00e0s press\u00f5es, sobretudo do Departamento de Ordem Pol\u00edtica e Social (DOPS) e at\u00e9 de outros sindicatos.<\/p>\n<!-- \/wp:paragraph --><!-- wp:paragraph -->\n<p>Ap\u00f3s 69 dias em greve, em 5 de novembro, por decis\u00e3o da Justi\u00e7a, os trabalhadores conseguiram um reajuste de 31% no sal\u00e1rio, garantindo uma grande vit\u00f3ria para os banc\u00e1rios.<\/p>\n<!-- \/wp:paragraph -->\t\t\t\t\t\t<\/div>\n\t\t\t\t<\/div>\n\t\t\t\t\t<\/div>\n\t\t<\/div>\n\t\t\t\t\t\t\t<\/div>\n\t\t<\/section>\n\t\t\t\t\t\t<\/div>\n\t\t\t\t\t<\/div>\n\t\t","protected":false},"excerpt":{"rendered":"<p>&nbsp; A data surgiu referente a greve mais longa j\u00e1 organizada pela categoria. Foi no dia 28 de agosto de 1951 que, ap\u00f3s uma assembleia, ficou definido que os profissionais entrariam em greve em virtude a uma proposta de sal\u00e1rio insignificante do governo, apenas 20% de aumento. Os banc\u00e1rios pediam na \u00e9poca 40% e melhores&hellip; <br \/> <a class=\"read-more\" href=\"https:\/\/bancarioscanoinhas.com.br\/index.php\/2021\/08\/28\/28-de-agosto-dia-do-bancario\/\">Leia mais<\/a><\/p>\n","protected":false},"author":1,"featured_media":631,"comment_status":"open","ping_status":"open","sticky":false,"template":"","format":"standard","meta":{"footnotes":""},"categories":[1],"tags":[],"class_list":["post-629","post","type-post","status-publish","format-standard","has-post-thumbnail","hentry","category-noticias"],"jetpack_featured_media_url":"https:\/\/bancarioscanoinhas.com.br\/wp-content\/uploads\/2021\/08\/dia-do-bancario.jpg","_links":{"self":[{"href":"https:\/\/bancarioscanoinhas.com.br\/index.php\/wp-json\/wp\/v2\/posts\/629","targetHints":{"allow":["GET"]}}],"collection":[{"href":"https:\/\/bancarioscanoinhas.com.br\/index.php\/wp-json\/wp\/v2\/posts"}],"about":[{"href":"https:\/\/bancarioscanoinhas.com.br\/index.php\/wp-json\/wp\/v2\/types\/post"}],"author":[{"embeddable":true,"href":"https:\/\/bancarioscanoinhas.com.br\/index.php\/wp-json\/wp\/v2\/users\/1"}],"replies":[{"embeddable":true,"href":"https:\/\/bancarioscanoinhas.com.br\/index.php\/wp-json\/wp\/v2\/comments?post=629"}],"version-history":[{"count":5,"href":"https:\/\/bancarioscanoinhas.com.br\/index.php\/wp-json\/wp\/v2\/posts\/629\/revisions"}],"predecessor-version":[{"id":635,"href":"https:\/\/bancarioscanoinhas.com.br\/index.php\/wp-json\/wp\/v2\/posts\/629\/revisions\/635"}],"wp:featuredmedia":[{"embeddable":true,"href":"https:\/\/bancarioscanoinhas.com.br\/index.php\/wp-json\/wp\/v2\/media\/631"}],"wp:attachment":[{"href":"https:\/\/bancarioscanoinhas.com.br\/index.php\/wp-json\/wp\/v2\/media?parent=629"}],"wp:term":[{"taxonomy":"category","embeddable":true,"href":"https:\/\/bancarioscanoinhas.com.br\/index.php\/wp-json\/wp\/v2\/categories?post=629"},{"taxonomy":"post_tag","embeddable":true,"href":"https:\/\/bancarioscanoinhas.com.br\/index.php\/wp-json\/wp\/v2\/tags?post=629"}],"curies":[{"name":"wp","href":"https:\/\/api.w.org\/{rel}","templated":true}]}}