{"id":614,"date":"2021-06-14T11:10:34","date_gmt":"2021-06-14T14:10:34","guid":{"rendered":"https:\/\/bancarioscanoinhas.com.br\/?p=614"},"modified":"2021-06-14T11:10:34","modified_gmt":"2021-06-14T14:10:34","slug":"ministro-da-saude-recebeu-pedido-de-prioridade-de-vacinacao-para-bancarios","status":"publish","type":"post","link":"https:\/\/bancarioscanoinhas.com.br\/index.php\/2021\/06\/14\/ministro-da-saude-recebeu-pedido-de-prioridade-de-vacinacao-para-bancarios\/","title":{"rendered":"Ministro da Sa\u00fade recebeu pedido de prioridade de vacina\u00e7\u00e3o para banc\u00e1rios"},"content":{"rendered":"\n<h4 class=\"wp-block-heading\">O Ministro da Sa\u00fade recebeu of\u00edcios e pareceres m\u00e9dicos e t\u00e9cnicos que mostram porque categoria deve ser inclu\u00edda entre as prioridades no Plano Nacional de Imuniza\u00e7\u00e3o para a Covid-19<\/h4>\n\n\n\n<p>O ministro da Sa\u00fade, Marcelo Queiroga, recebeu, nesta sexta-feira (11), o of\u00edcio das entidades sindicais,&nbsp; com a solicita\u00e7\u00e3o de inclus\u00e3o da categoria banc\u00e1ria no Plano Nacional de Imuniza\u00e7\u00e3o (PNI) contra a Covid-19 e as informa\u00e7\u00f5es e dados complementares que mostram tal necessidade.<\/p>\n\n\n\n<p>Foram apresentados pessoalmente por representantes dos banc\u00e1rios os dados que mostram o aumento de 176% dos desligamentos por morte na categoria. Foi explicado que as ag\u00eancias se transformaram em um vetor risco para as milh\u00f5es de pessoas que precisam ser atendidas por este servi\u00e7os essencial para a popula\u00e7\u00e3o e que, por isso, em nenhum momento p\u00f4de permanecer fechado durante a pandemia.<\/p>\n\n\n\n<p>O ministro recebeu o pedido e vai encaminh\u00e1-lo para equipe t\u00e9cnica que estuda o PNI. \u201cEle disse que a decis\u00e3o n\u00e3o \u00e9 individual dele, mas desta equipe\u201d.<\/p>\n\n\n\n<p>\u201cA atividade banc\u00e1ria \u00e9 considerada essencial nos termos do Decreto n\u00b0 10.282 de 20 de mar\u00e7o de 2020, alterado pelo Decreto n\u00b0 10.329 de 28 de abril de 2020, que regulamenta a Lei n\u00b0 13.979 de 6 de fevereiro de 2020\u201d, lembra um trecho do of\u00edcio. \u201cPreservar vidas \u00e9 uma luta de todos dentro de suas esferas de compet\u00eancia e reduzir a transmiss\u00e3o do novo coronav\u00edrus com medidas preventivas \u00e9 essencial\u201d, diz outro trecho.<\/p>\n\n\n\n<p>O documento ressalta que a \u201cconcentra\u00e7\u00e3o de clientes e usu\u00e1rios nos ambientes internos e externos das ag\u00eancias banc\u00e1rias tem crescido, com \u00eanfase pela busca dos servi\u00e7os por parte de pensionistas e aposentados da previd\u00eancia social, que t\u00eam necessidade de apoio com atendimento presencial, daqueles que buscam os bancos para renegocia\u00e7\u00f5es de d\u00edvidas ou para inscri\u00e7\u00e3o em programas de apoio \u00e0s empresas e, majoritariamente aos mais de 67 milh\u00f5es de beneficiados pelo recebimento das parcelas do Aux\u00edlio Emergencial.\u201d<\/p>\n\n\n\n<p><strong>Aumento de mortes<\/strong><\/p>\n\n\n\n<p>Dados do Cadastro Geral de Empregados e Desempregados (Caged) compilados pelo Departamento Intersindical de Estat\u00edsticas e Estudos Socioecon\u00f4micos (Dieese), mostram que a categoria banc\u00e1ria registrou um crescente n\u00famero de encerramento de contratos de trabalho por morte, seguindo uma tend\u00eancia similar aos casos de \u00f3bitos desde o in\u00edcio da pandemia do novo coronav\u00edrus.<\/p>\n\n\n\n<p>No primeiro trimestre de 2020 o impacto da pandemia do novo coronav\u00edrus foi quase nulo, com uma m\u00e9dia mensal de \u00f3bitos de 18,33 vidas. J\u00e1 no mesmo per\u00edodo deste ano (2021), com o agravamento da pandemia no pa\u00eds, a m\u00e9dia mensal de \u00f3bitos se elevou para 52 vidas, com crescimento de 176,4%.<\/p>\n\n\n\n<figure class=\"wp-block-image is-style-default\"><img decoding=\"async\" src=\"https:\/\/santosbancarios.com.br\/uploads\/images\/2021\/06\/11315-1623423991.jpg\" alt=\"Ministro da Sa\u00fade recebeu pedido de prioridade de vacina\u00e7\u00e3o para banc\u00e1rios\" title=\"Ministro da Sa\u00fade recebeu pedido de prioridade de vacina\u00e7\u00e3o para banc\u00e1rios\"\/><\/figure>\n\n\n\n<p>A situa\u00e7\u00e3o \u00e9 semelhante em rela\u00e7\u00e3o aos empregados na seguran\u00e7a privada nos bancos, com destaque aos envolvidos no transporte de valores em ve\u00edculos blindados, tamb\u00e9m os trabalhadores das redes de farm\u00e1cias que aplicam os testes r\u00e1pidos de Covid-19, os servidores de cemit\u00e9rios, os servidores da limpeza urbana, dentre outras categorias.<\/p>\n\n\n\n<p>Fonte: SPbanc\u00e1rios<\/p>\n","protected":false},"excerpt":{"rendered":"<p>O Ministro da Sa\u00fade recebeu of\u00edcios e pareceres m\u00e9dicos e t\u00e9cnicos que mostram porque categoria deve ser inclu\u00edda entre as prioridades no Plano Nacional de Imuniza\u00e7\u00e3o para a Covid-19 O ministro da Sa\u00fade, Marcelo Queiroga, recebeu, nesta sexta-feira (11), o of\u00edcio das entidades sindicais,&nbsp; com a solicita\u00e7\u00e3o de inclus\u00e3o da categoria banc\u00e1ria no Plano Nacional&hellip; <br \/> <a class=\"read-more\" href=\"https:\/\/bancarioscanoinhas.com.br\/index.php\/2021\/06\/14\/ministro-da-saude-recebeu-pedido-de-prioridade-de-vacinacao-para-bancarios\/\">Leia mais<\/a><\/p>\n","protected":false},"author":1,"featured_media":615,"comment_status":"open","ping_status":"open","sticky":false,"template":"","format":"standard","meta":{"footnotes":""},"categories":[1],"tags":[],"class_list":["post-614","post","type-post","status-publish","format-standard","has-post-thumbnail","hentry","category-noticias"],"jetpack_featured_media_url":"https:\/\/bancarioscanoinhas.com.br\/wp-content\/uploads\/2021\/06\/tim-11.jpg","_links":{"self":[{"href":"https:\/\/bancarioscanoinhas.com.br\/index.php\/wp-json\/wp\/v2\/posts\/614","targetHints":{"allow":["GET"]}}],"collection":[{"href":"https:\/\/bancarioscanoinhas.com.br\/index.php\/wp-json\/wp\/v2\/posts"}],"about":[{"href":"https:\/\/bancarioscanoinhas.com.br\/index.php\/wp-json\/wp\/v2\/types\/post"}],"author":[{"embeddable":true,"href":"https:\/\/bancarioscanoinhas.com.br\/index.php\/wp-json\/wp\/v2\/users\/1"}],"replies":[{"embeddable":true,"href":"https:\/\/bancarioscanoinhas.com.br\/index.php\/wp-json\/wp\/v2\/comments?post=614"}],"version-history":[{"count":1,"href":"https:\/\/bancarioscanoinhas.com.br\/index.php\/wp-json\/wp\/v2\/posts\/614\/revisions"}],"predecessor-version":[{"id":616,"href":"https:\/\/bancarioscanoinhas.com.br\/index.php\/wp-json\/wp\/v2\/posts\/614\/revisions\/616"}],"wp:featuredmedia":[{"embeddable":true,"href":"https:\/\/bancarioscanoinhas.com.br\/index.php\/wp-json\/wp\/v2\/media\/615"}],"wp:attachment":[{"href":"https:\/\/bancarioscanoinhas.com.br\/index.php\/wp-json\/wp\/v2\/media?parent=614"}],"wp:term":[{"taxonomy":"category","embeddable":true,"href":"https:\/\/bancarioscanoinhas.com.br\/index.php\/wp-json\/wp\/v2\/categories?post=614"},{"taxonomy":"post_tag","embeddable":true,"href":"https:\/\/bancarioscanoinhas.com.br\/index.php\/wp-json\/wp\/v2\/tags?post=614"}],"curies":[{"name":"wp","href":"https:\/\/api.w.org\/{rel}","templated":true}]}}