{"id":162,"date":"2021-03-26T15:48:24","date_gmt":"2021-03-26T18:48:24","guid":{"rendered":"https:\/\/bancarioscanoinhas.com.br\/?p=162"},"modified":"2021-03-26T15:51:52","modified_gmt":"2021-03-26T18:51:52","slug":"bancaria-do-itau-nao-pode-propor-acao-individual-para-receber-valores-reconhecidos-em-acao-coletiva","status":"publish","type":"post","link":"https:\/\/bancarioscanoinhas.com.br\/index.php\/2021\/03\/26\/bancaria-do-itau-nao-pode-propor-acao-individual-para-receber-valores-reconhecidos-em-acao-coletiva\/","title":{"rendered":"Banc\u00e1ria do Ita\u00fa n\u00e3o pode propor a\u00e7\u00e3o individual para receber valores reconhecidos em a\u00e7\u00e3o coletiva"},"content":{"rendered":"\n<p><\/p>\n\n\n\n<p>A Oitava Turma do Tribunal Superior do Trabalho extinguiu a a\u00e7\u00e3o de execu\u00e7\u00e3o proposta por uma banc\u00e1ria do Ita\u00fa Unibanco S.A. a fim de receber valores reconhecidos em a\u00e7\u00e3o coletiva ajuizada pelo sindicato da categoria. Segundo a Turma, ela n\u00e3o estava na lista dos empregados substitu\u00eddos pelo sindicato e, portanto, n\u00e3o est\u00e1 contemplada na decis\u00e3o.<\/p>\n\n\n\n<p><strong>Plano de sa\u00fade<\/strong><br>Na a\u00e7\u00e3o coletiva, ajuizada pelo Sindicato dos Empregados em Estabelecimentos Banc\u00e1rios de Belo Horizonte e Regi\u00e3o, foram garantidos o direito \u00e0 op\u00e7\u00e3o de migra\u00e7\u00e3o para novos planos de assist\u00eancia m\u00e9dica e hospitalar e o ressarcimento de valores pagos indevidamente aos substitu\u00eddos da base territorial do sindicato. Na a\u00e7\u00e3o individual de cumprimento, por sua vez, a banc\u00e1ria sustentava que tamb\u00e9m era detentora dos direitos, pois fora empregada do extinto Banco do Estado de Minas Gerais (Bemge) e, mesmo ap\u00f3s a aposentadoria, se mantivera vinculada ao plano, pagando as mensalidades.<\/p>\n\n\n\n<p><strong>Rol de substitu\u00eddos<\/strong><br>O pedido foi julgado improcedente pelo ju\u00edzo da 20\u00aa Vara do Trabalho de Belo Horizonte (MG), que observou que, ap\u00f3s o tr\u00e2nsito em julgado da decis\u00e3o na a\u00e7\u00e3o coletiva, iniciou-se uma s\u00e9rie de discuss\u00f5es acerca do rol dos substitu\u00eddos, ou seja, os empregados que estariam representados pelo sindicato, comprometendo, inclusive, o encerramento do processo. Foram apresentadas e impugnadas em ju\u00edzo v\u00e1rias listas de pessoas que supostamente teriam o direito assegurado pela decis\u00e3o execut\u00f3ria e, ap\u00f3s diversas execu\u00e7\u00f5es frustradas at\u00e9 que, em 2018, foi firmado um acordo e apresentado um rol final, aprovado pelo ju\u00edzo, em que o nome da banc\u00e1ria aposentada n\u00e3o estava.<\/p>\n\n\n\n<p>No entanto, o Tribunal Regional do Trabalho da 3\u00aa Regi\u00e3o (MG) entendeu que a execu\u00e7\u00e3o da senten\u00e7a coletiva poderia ser realizada por cada um dos empregados que tivessem sido lesados pelo Ita\u00fa, e n\u00e3o somente pelos legitimados para propor a a\u00e7\u00e3o.<\/p>\n\n\n\n<p><strong>Limites da coisa julgada<\/strong><br>A relatora do recurso de revista do banco, ministra Dora Maria da Costa, considerou invi\u00e1vel a extens\u00e3o dos efeitos da decis\u00e3o da a\u00e7\u00e3o coletiva a todos os integrantes da categoria. Ela observou que, conforme transcrito na decis\u00e3o do TRT, o t\u00edtulo judicial transitado em julgado abarcou apenas os nomes especificamente inclu\u00eddos no rol apresentado. \u201cNessas circunst\u00e2ncias, definidos os limites subjetivos da coisa julgada firmada no \u00e2mbito da a\u00e7\u00e3o coletiva, estender os efeitos dessa decis\u00e3o resultaria em ofensa ao referido instituto\u201d, concluiu. (DA\/CF) Processo:&nbsp;<a href=\"http:\/\/aplicacao4.tst.jus.br\/consultaProcessual\/resumoForm.do?consulta=1&amp;numeroInt=92583&amp;anoInt=2020\" target=\"_blank\" rel=\"noreferrer noopener\"><strong>RR-10380-52.2019.5.03.0020<\/strong><\/a><\/p>\n\n\n\n<p>Fonte: TST<\/p>\n\n\n\n<p><strong>Diretoria Executiva da CONTEC<\/strong><\/p>\n","protected":false},"excerpt":{"rendered":"<p>A Oitava Turma do Tribunal Superior do Trabalho extinguiu a a\u00e7\u00e3o de execu\u00e7\u00e3o proposta por uma banc\u00e1ria do Ita\u00fa Unibanco S.A. a fim de receber valores reconhecidos em a\u00e7\u00e3o coletiva ajuizada pelo sindicato da categoria. Segundo a Turma, ela n\u00e3o estava na lista dos empregados substitu\u00eddos pelo sindicato e, portanto, n\u00e3o est\u00e1 contemplada na decis\u00e3o.&hellip; <br \/> <a class=\"read-more\" href=\"https:\/\/bancarioscanoinhas.com.br\/index.php\/2021\/03\/26\/bancaria-do-itau-nao-pode-propor-acao-individual-para-receber-valores-reconhecidos-em-acao-coletiva\/\">Leia mais<\/a><\/p>\n","protected":false},"author":1,"featured_media":164,"comment_status":"open","ping_status":"open","sticky":false,"template":"","format":"standard","meta":{"footnotes":""},"categories":[1],"tags":[],"class_list":["post-162","post","type-post","status-publish","format-standard","has-post-thumbnail","hentry","category-noticias"],"jetpack_featured_media_url":"https:\/\/bancarioscanoinhas.com.br\/wp-content\/uploads\/2021\/03\/itau-acontece-4_647x394-384x2201-1.jpg","_links":{"self":[{"href":"https:\/\/bancarioscanoinhas.com.br\/index.php\/wp-json\/wp\/v2\/posts\/162","targetHints":{"allow":["GET"]}}],"collection":[{"href":"https:\/\/bancarioscanoinhas.com.br\/index.php\/wp-json\/wp\/v2\/posts"}],"about":[{"href":"https:\/\/bancarioscanoinhas.com.br\/index.php\/wp-json\/wp\/v2\/types\/post"}],"author":[{"embeddable":true,"href":"https:\/\/bancarioscanoinhas.com.br\/index.php\/wp-json\/wp\/v2\/users\/1"}],"replies":[{"embeddable":true,"href":"https:\/\/bancarioscanoinhas.com.br\/index.php\/wp-json\/wp\/v2\/comments?post=162"}],"version-history":[{"count":1,"href":"https:\/\/bancarioscanoinhas.com.br\/index.php\/wp-json\/wp\/v2\/posts\/162\/revisions"}],"predecessor-version":[{"id":163,"href":"https:\/\/bancarioscanoinhas.com.br\/index.php\/wp-json\/wp\/v2\/posts\/162\/revisions\/163"}],"wp:featuredmedia":[{"embeddable":true,"href":"https:\/\/bancarioscanoinhas.com.br\/index.php\/wp-json\/wp\/v2\/media\/164"}],"wp:attachment":[{"href":"https:\/\/bancarioscanoinhas.com.br\/index.php\/wp-json\/wp\/v2\/media?parent=162"}],"wp:term":[{"taxonomy":"category","embeddable":true,"href":"https:\/\/bancarioscanoinhas.com.br\/index.php\/wp-json\/wp\/v2\/categories?post=162"},{"taxonomy":"post_tag","embeddable":true,"href":"https:\/\/bancarioscanoinhas.com.br\/index.php\/wp-json\/wp\/v2\/tags?post=162"}],"curies":[{"name":"wp","href":"https:\/\/api.w.org\/{rel}","templated":true}]}}